{"id":1658,"date":"2016-10-05T08:23:25","date_gmt":"2016-10-05T08:23:25","guid":{"rendered":"https:\/\/franco.arrowtheme.com\/?p=1658"},"modified":"2016-10-05T08:23:25","modified_gmt":"2016-10-05T08:23:25","slug":"vintage-decor","status":"publish","type":"post","link":"https:\/\/ajandekellato.hu\/en\/2016\/10\/05\/vintage-decor\/","title":{"rendered":"Vintage D\u00e9cor"},"content":{"rendered":"<p>In commodo dolor vitae sem vulputate pellentesque. Aliquam sit amet mattis mi. Proin sed nulla mi. Curabitur commodo lectus sit amet leo dignissim, id tempus nisl pellentesque. Interdum et malesuada fames ac ante ipsum primis in faucibus.<\/p>","protected":false},"excerpt":{"rendered":"<p>In commodo dolor vitae sem vulputate pellentesque. Aliquam sit amet mattis mi. Proin sed nulla mi. Curabitur commodo lectus sit amet leo dignissim, id tempus nisl pellentesque. Interdum et malesuada fames ac ante ipsum primis in faucibus.<\/p>","protected":false},"author":1,"featured_media":2110,"comment_status":"open","ping_status":"open","sticky":false,"template":"","format":"standard","meta":{"_jetpack_memberships_contains_paid_content":false,"footnotes":""},"categories":[1],"tags":[34],"class_list":["post-1658","post","type-post","status-publish","format-standard","has-post-thumbnail","hentry","category-uncategorized","tag-decoration"],"yoast_head":"<!-- This site is optimized with the Yoast SEO plugin v24.1 - https:\/\/yoast.com\/wordpress\/plugins\/seo\/ -->\n<title>Vintage D\u00e9cor - Region\u00e1lis Aj\u00e1nd\u00e9kell\u00e1t\u00f3<\/title>\n<meta name=\"robots\" content=\"index, follow, max-snippet:-1, max-image-preview:large, max-video-preview:-1\" \/>\n<link rel=\"canonical\" href=\"https:\/\/ajandekellato.hu\/en\/2016\/10\/05\/vintage-decor\/\" \/>\n<meta property=\"og:locale\" content=\"en_US\" \/>\n<meta property=\"og:type\" content=\"article\" \/>\n<meta property=\"og:title\" content=\"Vintage D\u00e9cor - Region\u00e1lis Aj\u00e1nd\u00e9kell\u00e1t\u00f3\" \/>\n<meta property=\"og:description\" content=\"In commodo dolor vitae sem vulputate pellentesque. Aliquam sit amet mattis mi. Proin sed nulla mi. Curabitur commodo lectus sit amet leo dignissim, id tempus nisl pellentesque. Interdum et malesuada fames ac ante ipsum primis in faucibus.\" \/>\n<meta property=\"og:url\" content=\"https:\/\/ajandekellato.hu\/en\/2016\/10\/05\/vintage-decor\/\" \/>\n<meta property=\"og:site_name\" content=\"Region\u00e1lis Aj\u00e1nd\u00e9kell\u00e1t\u00f3\" \/>\n<meta property=\"article:published_time\" content=\"2016-10-05T08:23:25+00:00\" \/>\n<meta property=\"og:image\" content=\"https:\/\/ajandekellato.hu\/wp-content\/uploads\/2019\/08\/vintage-decor.jpg\" \/>\n\t<meta property=\"og:image:width\" content=\"1200\" \/>\n\t<meta property=\"og:image:height\" content=\"800\" \/>\n\t<meta property=\"og:image:type\" content=\"image\/jpeg\" \/>\n<meta name=\"author\" content=\"admin\" \/>\n<meta name=\"twitter:card\" content=\"summary_large_image\" \/>\n<meta name=\"twitter:label1\" content=\"Written by\" \/>\n\t<meta name=\"twitter:data1\" content=\"admin\" \/>\n<script type=\"application\/ld+json\" class=\"yoast-schema-graph\">{\"@context\":\"https:\/\/schema.org\",\"@graph\":[{\"@type\":\"WebPage\",\"@id\":\"https:\/\/ajandekellato.hu\/2016\/10\/05\/vintage-decor\/\",\"url\":\"https:\/\/ajandekellato.hu\/2016\/10\/05\/vintage-decor\/\",\"name\":\"Vintage D\u00e9cor - Region\u00e1lis Aj\u00e1nd\u00e9kell\u00e1t\u00f3\",\"isPartOf\":{\"@id\":\"https:\/\/ajandekellato.hu\/#website\"},\"primaryImageOfPage\":{\"@id\":\"https:\/\/ajandekellato.hu\/2016\/10\/05\/vintage-decor\/#primaryimage\"},\"image\":{\"@id\":\"https:\/\/ajandekellato.hu\/2016\/10\/05\/vintage-decor\/#primaryimage\"},\"thumbnailUrl\":\"https:\/\/ajandekellato.hu\/wp-content\/uploads\/2019\/08\/vintage-decor.jpg\",\"datePublished\":\"2016-10-05T08:23:25+00:00\",\"dateModified\":\"2016-10-05T08:23:25+00:00\",\"author\":{\"@id\":\"https:\/\/ajandekellato.hu\/#\/schema\/person\/d39279afe3090daefd3b4d80ec4092cc\"},\"breadcrumb\":{\"@id\":\"https:\/\/ajandekellato.hu\/2016\/10\/05\/vintage-decor\/#breadcrumb\"},\"inLanguage\":\"en-US\",\"potentialAction\":[{\"@type\":\"ReadAction\",\"target\":[\"https:\/\/ajandekellato.hu\/2016\/10\/05\/vintage-decor\/\"]}]},{\"@type\":\"ImageObject\",\"inLanguage\":\"en-US\",\"@id\":\"https:\/\/ajandekellato.hu\/2016\/10\/05\/vintage-decor\/#primaryimage\",\"url\":\"https:\/\/ajandekellato.hu\/wp-content\/uploads\/2019\/08\/vintage-decor.jpg\",\"contentUrl\":\"https:\/\/ajandekellato.hu\/wp-content\/uploads\/2019\/08\/vintage-decor.jpg\",\"width\":1200,\"height\":800},{\"@type\":\"BreadcrumbList\",\"@id\":\"https:\/\/ajandekellato.hu\/2016\/10\/05\/vintage-decor\/#breadcrumb\",\"itemListElement\":[{\"@type\":\"ListItem\",\"position\":1,\"name\":\"Home\",\"item\":\"https:\/\/ajandekellato.hu\/\"},{\"@type\":\"ListItem\",\"position\":2,\"name\":\"Vintage D\u00e9cor\"}]},{\"@type\":\"WebSite\",\"@id\":\"https:\/\/ajandekellato.hu\/#website\",\"url\":\"https:\/\/ajandekellato.hu\/\",\"name\":\"Region\u00e1lis Aj\u00e1nd\u00e9kell\u00e1t\u00f3\",\"description\":\"\",\"potentialAction\":[{\"@type\":\"SearchAction\",\"target\":{\"@type\":\"EntryPoint\",\"urlTemplate\":\"https:\/\/ajandekellato.hu\/?s={search_term_string}\"},\"query-input\":{\"@type\":\"PropertyValueSpecification\",\"valueRequired\":true,\"valueName\":\"search_term_string\"}}],\"inLanguage\":\"en-US\"},{\"@type\":\"Person\",\"@id\":\"https:\/\/ajandekellato.hu\/#\/schema\/person\/d39279afe3090daefd3b4d80ec4092cc\",\"name\":\"admin\",\"image\":{\"@type\":\"ImageObject\",\"inLanguage\":\"en-US\",\"@id\":\"https:\/\/ajandekellato.hu\/#\/schema\/person\/image\/\",\"url\":\"https:\/\/secure.gravatar.com\/avatar\/c218778dd18a8812ef6ffeb164e9296f73760a0fc83b43ed983936535956f4f3?s=96&d=mm&r=g\",\"contentUrl\":\"https:\/\/secure.gravatar.com\/avatar\/c218778dd18a8812ef6ffeb164e9296f73760a0fc83b43ed983936535956f4f3?s=96&d=mm&r=g\",\"caption\":\"admin\"},\"sameAs\":[\"https:\/\/ajandekellato.hu\"],\"url\":\"https:\/\/ajandekellato.hu\/en\/author\/patrik_admin\/\"}]}<\/script>\n<!-- \/ Yoast SEO plugin. -->","yoast_head_json":{"title":"Vintage D\u00e9cor - Region\u00e1lis Aj\u00e1nd\u00e9kell\u00e1t\u00f3","robots":{"index":"index","follow":"follow","max-snippet":"max-snippet:-1","max-image-preview":"max-image-preview:large","max-video-preview":"max-video-preview:-1"},"canonical":"https:\/\/ajandekellato.hu\/en\/2016\/10\/05\/vintage-decor\/","og_locale":"en_US","og_type":"article","og_title":"Vintage D\u00e9cor - Region\u00e1lis Aj\u00e1nd\u00e9kell\u00e1t\u00f3","og_description":"In commodo dolor vitae sem vulputate pellentesque. Aliquam sit amet mattis mi. Proin sed nulla mi. Curabitur commodo lectus sit amet leo dignissim, id tempus nisl pellentesque. Interdum et malesuada fames ac ante ipsum primis in faucibus.","og_url":"https:\/\/ajandekellato.hu\/en\/2016\/10\/05\/vintage-decor\/","og_site_name":"Region\u00e1lis Aj\u00e1nd\u00e9kell\u00e1t\u00f3","article_published_time":"2016-10-05T08:23:25+00:00","og_image":[{"width":1200,"height":800,"url":"https:\/\/ajandekellato.hu\/wp-content\/uploads\/2019\/08\/vintage-decor.jpg","type":"image\/jpeg"}],"author":"admin","twitter_card":"summary_large_image","twitter_misc":{"Written by":"admin"},"schema":{"@context":"https:\/\/schema.org","@graph":[{"@type":"WebPage","@id":"https:\/\/ajandekellato.hu\/2016\/10\/05\/vintage-decor\/","url":"https:\/\/ajandekellato.hu\/2016\/10\/05\/vintage-decor\/","name":"Vintage D\u00e9cor - Region\u00e1lis Aj\u00e1nd\u00e9kell\u00e1t\u00f3","isPartOf":{"@id":"https:\/\/ajandekellato.hu\/#website"},"primaryImageOfPage":{"@id":"https:\/\/ajandekellato.hu\/2016\/10\/05\/vintage-decor\/#primaryimage"},"image":{"@id":"https:\/\/ajandekellato.hu\/2016\/10\/05\/vintage-decor\/#primaryimage"},"thumbnailUrl":"https:\/\/ajandekellato.hu\/wp-content\/uploads\/2019\/08\/vintage-decor.jpg","datePublished":"2016-10-05T08:23:25+00:00","dateModified":"2016-10-05T08:23:25+00:00","author":{"@id":"https:\/\/ajandekellato.hu\/#\/schema\/person\/d39279afe3090daefd3b4d80ec4092cc"},"breadcrumb":{"@id":"https:\/\/ajandekellato.hu\/2016\/10\/05\/vintage-decor\/#breadcrumb"},"inLanguage":"en-US","potentialAction":[{"@type":"ReadAction","target":["https:\/\/ajandekellato.hu\/2016\/10\/05\/vintage-decor\/"]}]},{"@type":"ImageObject","inLanguage":"en-US","@id":"https:\/\/ajandekellato.hu\/2016\/10\/05\/vintage-decor\/#primaryimage","url":"https:\/\/ajandekellato.hu\/wp-content\/uploads\/2019\/08\/vintage-decor.jpg","contentUrl":"https:\/\/ajandekellato.hu\/wp-content\/uploads\/2019\/08\/vintage-decor.jpg","width":1200,"height":800},{"@type":"BreadcrumbList","@id":"https:\/\/ajandekellato.hu\/2016\/10\/05\/vintage-decor\/#breadcrumb","itemListElement":[{"@type":"ListItem","position":1,"name":"Home","item":"https:\/\/ajandekellato.hu\/"},{"@type":"ListItem","position":2,"name":"Vintage D\u00e9cor"}]},{"@type":"WebSite","@id":"https:\/\/ajandekellato.hu\/#website","url":"https:\/\/ajandekellato.hu\/","name":"Region\u00e1lis Aj\u00e1nd\u00e9kell\u00e1t\u00f3","description":"","potentialAction":[{"@type":"SearchAction","target":{"@type":"EntryPoint","urlTemplate":"https:\/\/ajandekellato.hu\/?s={search_term_string}"},"query-input":{"@type":"PropertyValueSpecification","valueRequired":true,"valueName":"search_term_string"}}],"inLanguage":"en-US"},{"@type":"Person","@id":"https:\/\/ajandekellato.hu\/#\/schema\/person\/d39279afe3090daefd3b4d80ec4092cc","name":"admin","image":{"@type":"ImageObject","inLanguage":"en-US","@id":"https:\/\/ajandekellato.hu\/#\/schema\/person\/image\/","url":"https:\/\/secure.gravatar.com\/avatar\/c218778dd18a8812ef6ffeb164e9296f73760a0fc83b43ed983936535956f4f3?s=96&d=mm&r=g","contentUrl":"https:\/\/secure.gravatar.com\/avatar\/c218778dd18a8812ef6ffeb164e9296f73760a0fc83b43ed983936535956f4f3?s=96&d=mm&r=g","caption":"admin"},"sameAs":["https:\/\/ajandekellato.hu"],"url":"https:\/\/ajandekellato.hu\/en\/author\/patrik_admin\/"}]}},"jetpack_featured_media_url":"https:\/\/ajandekellato.hu\/wp-content\/uploads\/2019\/08\/vintage-decor.jpg","jetpack_sharing_enabled":true,"_links":{"self":[{"href":"https:\/\/ajandekellato.hu\/en\/wp-json\/wp\/v2\/posts\/1658","targetHints":{"allow":["GET"]}}],"collection":[{"href":"https:\/\/ajandekellato.hu\/en\/wp-json\/wp\/v2\/posts"}],"about":[{"href":"https:\/\/ajandekellato.hu\/en\/wp-json\/wp\/v2\/types\/post"}],"author":[{"embeddable":true,"href":"https:\/\/ajandekellato.hu\/en\/wp-json\/wp\/v2\/users\/1"}],"replies":[{"embeddable":true,"href":"https:\/\/ajandekellato.hu\/en\/wp-json\/wp\/v2\/comments?post=1658"}],"version-history":[{"count":0,"href":"https:\/\/ajandekellato.hu\/en\/wp-json\/wp\/v2\/posts\/1658\/revisions"}],"wp:featuredmedia":[{"embeddable":true,"href":"https:\/\/ajandekellato.hu\/en\/wp-json\/wp\/v2\/media\/2110"}],"wp:attachment":[{"href":"https:\/\/ajandekellato.hu\/en\/wp-json\/wp\/v2\/media?parent=1658"}],"wp:term":[{"taxonomy":"category","embeddable":true,"href":"https:\/\/ajandekellato.hu\/en\/wp-json\/wp\/v2\/categories?post=1658"},{"taxonomy":"post_tag","embeddable":true,"href":"https:\/\/ajandekellato.hu\/en\/wp-json\/wp\/v2\/tags?post=1658"}],"curies":[{"name":"wp","href":"https:\/\/api.w.org\/{rel}","templated":true}]}}